{"id":125,"date":"2015-08-24T18:27:22","date_gmt":"2015-08-24T16:27:22","guid":{"rendered":"http:\/\/sde.splet.arnes.si\/?p=125"},"modified":"2015-08-24T18:28:04","modified_gmt":"2015-08-24T16:28:04","slug":"mednarodna-konferenca-estetski-rezim-umetnosti-razseznosti-rancierove-teorije","status":"publish","type":"post","link":"https:\/\/www.sde.si\/?p=125","title":{"rendered":"Mednarodna konferenca &#8211; Estetski re\u017eim umetnosti: razse\u017enosti Ranci\u00e8rove teorije"},"content":{"rendered":"<p style=\"text-align: center\">Z veseljem najavljamo mednarodno konferenco:<\/p>\n<h1 style=\"text-align: center\"><em><strong>Estetski re\u017eim umetnosti: razse\u017enosti Ranci\u00e8rove teorije<\/strong><\/em>,<\/h1>\n<p style=\"text-align: center\">ki jo organizirata Slovensko dru\u0161tvo za estetiko in <strong><a href=\"http:\/\/www.maska.si\" target=\"_blank\">Zavod Maska<\/a><\/strong> v sodelovanju s <strong><a href=\"http:\/\/zalozba.zrc-sazu.si\/sl\/strani\/knjigarna-azil\" target=\"_blank\">knjigarno Azil<\/a><\/strong> in bo potekala<\/p>\n<p style=\"text-align: center\"><strong><span style=\"color: #000000\">v petek, 27. novembra 2015<\/span><\/strong><\/p>\n<p style=\"text-align: center\"><strong><span style=\"color: #000000\">na ZRC SAZU, Novi trg 2, Ljubljana.<\/span><\/strong><\/p>\n<p>Estetski re\u017eim umetnosti je paradigma, ki s svojo strukturo povezav med umetnostjo in vsakdanjim presega klasi\u010dno teritorialnost praks, ve\u0161\u010din in tradicionalnih klasifikacij umetnosti: dogaja se v preseganju meja med umetni\u0161kimi praksami in \u017eivljenjem. Konferenca \u017eeli premisliti Ranci\u00e8rovo politi\u010dno konceptualizacijo \u010dutnega, povod zanjo pa predstavlja tudi izid slovenskega prevoda Ranci\u00e8rove vznemirljive knjige <em><a href=\"http:\/\/www.maska.si\/index.php?id=19&amp;tx_ttnews%5Btt_news%5D=1231&amp;cHash=5d349d6c9ad6719bc04fb9a51d8efe34\" target=\"_blank\">Aisthesis: Prizori iz estetskega re\u017eima umetnosti<\/a><\/em> (Maska, 2015, prev. Sonja Dular), kjer avtor v \u0161tirinajstih poglavjih premisli \u0161tirinajst umetni\u0161kih primerov (politik) kot dogodkov ali celo \u00bbmotenj\u00ab, ki med drugim v red obstoje\u010dih distribucij \u010dutnega v umetnosti intervenirajo z naslavljanjem tistega, \u010desar pri gledalcu ostala\u00a0 dva re\u017eima (eti\u010dni re\u017eim podobe ter reprezentacijski re\u017eim umetnosti) dotlej nista nagovarjala.<!--more--> Gre za primere iz umetnosti in diskurzov o umetnosti, ki v obdobju od 1764 do 1941 postopoma uvajajo pred tem neraziskane na\u010dine ustvarjanja, produkcije, sprejemanja in mi\u0161ljenja umetnosti. Ranci\u00e8re se tako ne osredoto\u010da na kanonizirane modernisti\u010dne avtorje, kot so Mondrian in Kandinski, Malevi\u010d in Duchamp, temve\u010d npr. na obravnavo praks v kabaretu Folies Berg\u00e8re in pesnike, ki so bili zapisovalci teh dogodkov, na ekstravagantno plesalko in koreografinjo Lo\u00efe Fuller, Chaplinove filme, Whitmanovo poezijo, Craigove scenografske revolucije idr. Pri tem ga ne vodi te\u017enja po redefiniciji modernizma, ampak mu gre za mi\u0161ljenje tistega, kar je v modernisti\u010dno paradigmi predstavljalo estetsko motnjo.<\/p>\n<p>Jacques Ranci\u00e8re bo imel \u017ee v <strong>\u010detrtek, 26. novembra 2015 ob 18. uri otvoritveno predavanje v okviru Slovenskega knji\u017enega sejma v Linhartovi dvorani Cankarjevega doma<\/strong>, udele\u017eil pa se bo tudi na\u0161e mednarodne konference. 26. in 27. novembra bo ve\u010derni program Slovenske kinoteke v znamenju filmov, umetnikov in tem, ki jih Ranci\u00e8re obravnava v knjigi <em>Aisthesis<\/em>.<\/p>\n<p>Vidiki konference:<\/p>\n<ol>\n<li>Estetski re\u017eim ali modernizem: kako Ranci\u00e8rov pojem spremeni pojmovanje umetni\u0161ke modernosti in kaj prina\u0161a glede na pojem modernizma?<\/li>\n<li>Estetski re\u017eim in realizem: Ranci\u00e8rova reinterpretacija realnega od literature do fotografije.<\/li>\n<li>Politika estetskega pri Ranci\u00e8ru: kaj naredi vidno s svoje pozicije, glede na razprave o politiki in estetiki v 20. stoletju?<\/li>\n<li>Delitev \u010dutnosti v mno\u017ei\u010dni in popularni umetnosti: od kabareta do filma.<\/li>\n<li>Mno\u017eenje prizorov: kako nadalje raziskovati umetnost z uporabo Ranci\u00e8rovih \u00bbre\u017eimov\u00ab? Kaj nam ti povejo o histori\u010dnosti umetnosti na Slovenskem in slovenske umetnosti v obdobju modernizma?<\/li>\n<\/ol>\n<p>Konferenca bo potekala v angle\u0161kem jeziku.\u00a0Kotizacije ni.<\/p>\n<p>Slovensko dru\u0161tvo za estetiko,\u00a0Zavod Maska s podporo Francoskega in\u0161tituta v Sloveniji, Slovenskega knji\u017enega sejma in Slovenske kinoteke in\u00a0Knjigarna Azil s podporo Javne agencije za knjigo RS<\/p>\n","protected":false},"excerpt":{"rendered":"<p>Z veseljem najavljamo mednarodno konferenco: Estetski re\u017eim umetnosti: razse\u017enosti Ranci\u00e8rove teorije, ki jo organizirata Slovensko dru\u0161tvo za estetiko in Zavod Maska v sodelovanju s knjigarno Azil in bo potekala v petek, 27. novembra 2015 na ZRC SAZU, Novi trg 2, Ljubljana. Estetski re\u017eim umetnosti je paradigma, ki s svojo strukturo povezav med umetnostjo in vsakdanjim [&hellip;]<\/p>\n","protected":false},"author":5743,"featured_media":129,"comment_status":"closed","ping_status":"closed","sticky":false,"template":"","format":"standard","meta":{"ngg_post_thumbnail":0,"footnotes":""},"categories":[3,5],"tags":[],"class_list":["post-125","post","type-post","status-publish","format-standard","has-post-thumbnail","hentry","category-dogodki","category-najavljamo"],"_links":{"self":[{"href":"https:\/\/www.sde.si\/index.php?rest_route=\/wp\/v2\/posts\/125","targetHints":{"allow":["GET"]}}],"collection":[{"href":"https:\/\/www.sde.si\/index.php?rest_route=\/wp\/v2\/posts"}],"about":[{"href":"https:\/\/www.sde.si\/index.php?rest_route=\/wp\/v2\/types\/post"}],"author":[{"embeddable":true,"href":"https:\/\/www.sde.si\/index.php?rest_route=\/wp\/v2\/users\/5743"}],"replies":[{"embeddable":true,"href":"https:\/\/www.sde.si\/index.php?rest_route=%2Fwp%2Fv2%2Fcomments&post=125"}],"version-history":[{"count":5,"href":"https:\/\/www.sde.si\/index.php?rest_route=\/wp\/v2\/posts\/125\/revisions"}],"predecessor-version":[{"id":132,"href":"https:\/\/www.sde.si\/index.php?rest_route=\/wp\/v2\/posts\/125\/revisions\/132"}],"wp:featuredmedia":[{"embeddable":true,"href":"https:\/\/www.sde.si\/index.php?rest_route=\/wp\/v2\/media\/129"}],"wp:attachment":[{"href":"https:\/\/www.sde.si\/index.php?rest_route=%2Fwp%2Fv2%2Fmedia&parent=125"}],"wp:term":[{"taxonomy":"category","embeddable":true,"href":"https:\/\/www.sde.si\/index.php?rest_route=%2Fwp%2Fv2%2Fcategories&post=125"},{"taxonomy":"post_tag","embeddable":true,"href":"https:\/\/www.sde.si\/index.php?rest_route=%2Fwp%2Fv2%2Ftags&post=125"}],"curies":[{"name":"wp","href":"https:\/\/api.w.org\/{rel}","templated":true}]}}