{"id":138,"date":"2015-11-09T21:18:18","date_gmt":"2015-11-09T20:18:18","guid":{"rendered":"http:\/\/sde.splet.arnes.si\/?p=138"},"modified":"2015-11-27T18:23:20","modified_gmt":"2015-11-27T17:23:20","slug":"program-mednarodne-konference-ob-obisku-jacquesa-ranciera","status":"publish","type":"post","link":"https:\/\/www.sde.si\/?p=138","title":{"rendered":"Program mednarodne konference ob obisku Jacquesa Ranci\u00e8ra"},"content":{"rendered":"<p>Ob slovenski izdaji knjige <strong>Aisthesis: Prizori iz estetskega re\u017eima umetnosti<\/strong>, avtorja <strong>Jacquesa Ranci\u00e8ra<\/strong> <em>Zavod Maska<\/em>,\u00a0<em>Slovensko dru\u0161tvo za estetiko\u00a0<\/em>in <em>Knjigarna Azil<\/em>\u00a0organiziramo\u00a0<strong>mednarodno konferenco &#8220;Estetski re\u017eim umetnosti: razse\u017enosti Ranci\u00e8rove teorije&#8221;<\/strong> ob prihodu francoskega filozofa v Ljubljano.<\/p>\n<p><strong>PETEK, 27. novembra 2015<br \/>\n<\/strong><br \/>\n10:00\u201310:15 Pozdravni nagovor<br \/>\nAmelia Kraigher, odgovorna urednica, zavod Maska Ljubljana<br \/>\nLev Kreft, Slovensko Dru\u0161tvo Za Estetiko<br \/>\nMathias Rambaud, Institut fran\u00e7ais de Slov\u00e9nie<\/p>\n<p><span style=\"color: #ff0000\">1. DEL: Fikcija in \u010dutno (vodi Amelia Kraigher)<\/span><\/p>\n<p>10:15\u201310:45 Rok Ben\u010din, Metafori\u010dna in metonimi\u010dna enakost: od retorike k estetiki<br \/>\n10:45\u201311:15 Steven Corcoran, Estetski re\u017eim umetnosti: \u00bbIzgubljena nit\u00ab strategije<br \/>\n11:15\u201311:45 Nina Sera\u017ein Lisjak, Estetika Jacquesa Ranci\u00e8ra: vloga \u010dutnega v politiki umetnosti<br \/>\n11:45\u201312:00 Odmor za kavo<\/p>\n<p><span style=\"color: #ff0000\">2. DEL: Estetika in socializem (vodi Amelia Kraigher)<\/span><\/p>\n<p>12:00\u201312:30 Ivana Perica, Hibridnost: razpravljanje o avstromarksisti\u010dni estetiki z Ranci\u00e8rom<br \/>\n12:30\u201313:00 Lev Kreft, Dandijevski socializem<br \/>\n13:00\u201315:00 Odmor za kosilo<\/p>\n<p><span style=\"color: #ff0000\">3. DEL: Prizori s fotografij in iz filmov (vodi Rok Ben\u010din)<\/span><\/p>\n<p>15:00\u201315:30 Jan Babnik, Fotografija \u2013 mala pocestnica za vsakogar<br \/>\n15:30\u201316:00 Natalija Majsova, Prenos kinematografske estetike v vesolje: papirnati vojak in sanje o vesolju<br \/>\n16:00\u201316:30 Darko \u0160trajn, Neposrednost kot lastnost filma kot umetnosti<br \/>\n16:30\u201316:45 Sklepna diskusija<\/p>\n<p><strong>SOBOTA, 28. novembra 2015<\/strong><\/p>\n<p><span style=\"color: #ff0000\">4. DEL: Estetika in politika v sodobni umetnosti (vodi Lev Kreft)<\/span><\/p>\n<p>10:00\u201310:30 Bojana Mateji\u0107, Ranci\u00e8re: umetnost in zahteva po \u010dlove\u0161ki emancipaciji<br \/>\n10:30\u201311:00 Mojca Puncer, Paradoksi politike estetike: umetni\u0161ka stremljenja v skupnost<br \/>\n11:00\u201311:30 KITCH (Nenad Jelesijevi\u0107 &amp; Lana Zdravkovi\u0107), Subjektivacija v sodobni umetnosti: rahljanje performativnega reda, temelje\u010dega na statiki izvajalec\u2013gledalec<br \/>\n11:30\u201311:45 Odmor za kavo<\/p>\n<p><span style=\"color: #ff0000\">5. DEL: Estetski re\u017eim v novih kontekstih (vodi Lev Kreft)<\/span><\/p>\n<p>11:45\u201312:15 Polona Tratnik, Taktike in orodja pre\u017eivetja kot takti\u010dni mediji<br \/>\n12:15\u201312:45 Ernest \u017denko, Estetski re\u017eim umetnosti v kontekstu medijske arheologije<br \/>\n12:45\u201313:00 Sklepna razprava in zaprtje konference<\/p>\n<p><strong>Vstop na mednarodno konferenco v Atriju ZRC prost.<\/strong><\/p>\n<p>Ve\u010d o knjigi:<br \/>\n<a href=\"http:\/\/l.facebook.com\/l.php?u=http%3A%2F%2Fbit.ly%2F1SDkMzo&amp;h=JAQGvnPwj&amp;enc=AZP3Thk4WI2qrv-RG-uwB52Z48y8SGusE__fz58gNPXIanY6hcJIiqufjakqfvmlVEI&amp;s=1\" target=\"_blank\" rel=\"nofollow nofollow\">http:\/\/bit.ly\/1SDkMzo<\/a><\/p>\n","protected":false},"excerpt":{"rendered":"<p>Ob slovenski izdaji knjige Aisthesis: Prizori iz estetskega re\u017eima umetnosti, avtorja Jacquesa Ranci\u00e8ra Zavod Maska,\u00a0Slovensko dru\u0161tvo za estetiko\u00a0in Knjigarna Azil\u00a0organiziramo\u00a0mednarodno konferenco &#8220;Estetski re\u017eim umetnosti: razse\u017enosti Ranci\u00e8rove teorije&#8221; ob prihodu francoskega filozofa v Ljubljano. PETEK, 27. novembra 2015 10:00\u201310:15 Pozdravni nagovor Amelia Kraigher, odgovorna urednica, zavod Maska Ljubljana Lev Kreft, Slovensko Dru\u0161tvo Za Estetiko Mathias Rambaud, [&hellip;]<\/p>\n","protected":false},"author":5743,"featured_media":139,"comment_status":"closed","ping_status":"closed","sticky":false,"template":"","format":"standard","meta":{"ngg_post_thumbnail":0,"footnotes":""},"categories":[3],"tags":[],"class_list":["post-138","post","type-post","status-publish","format-standard","has-post-thumbnail","hentry","category-dogodki"],"_links":{"self":[{"href":"https:\/\/www.sde.si\/index.php?rest_route=\/wp\/v2\/posts\/138","targetHints":{"allow":["GET"]}}],"collection":[{"href":"https:\/\/www.sde.si\/index.php?rest_route=\/wp\/v2\/posts"}],"about":[{"href":"https:\/\/www.sde.si\/index.php?rest_route=\/wp\/v2\/types\/post"}],"author":[{"embeddable":true,"href":"https:\/\/www.sde.si\/index.php?rest_route=\/wp\/v2\/users\/5743"}],"replies":[{"embeddable":true,"href":"https:\/\/www.sde.si\/index.php?rest_route=%2Fwp%2Fv2%2Fcomments&post=138"}],"version-history":[{"count":12,"href":"https:\/\/www.sde.si\/index.php?rest_route=\/wp\/v2\/posts\/138\/revisions"}],"predecessor-version":[{"id":222,"href":"https:\/\/www.sde.si\/index.php?rest_route=\/wp\/v2\/posts\/138\/revisions\/222"}],"wp:featuredmedia":[{"embeddable":true,"href":"https:\/\/www.sde.si\/index.php?rest_route=\/wp\/v2\/media\/139"}],"wp:attachment":[{"href":"https:\/\/www.sde.si\/index.php?rest_route=%2Fwp%2Fv2%2Fmedia&parent=138"}],"wp:term":[{"taxonomy":"category","embeddable":true,"href":"https:\/\/www.sde.si\/index.php?rest_route=%2Fwp%2Fv2%2Fcategories&post=138"},{"taxonomy":"post_tag","embeddable":true,"href":"https:\/\/www.sde.si\/index.php?rest_route=%2Fwp%2Fv2%2Ftags&post=138"}],"curies":[{"name":"wp","href":"https:\/\/api.w.org\/{rel}","templated":true}]}}